{"id":9784,"date":"2026-09-04T15:25:36","date_gmt":"2026-09-04T18:25:36","guid":{"rendered":"https:\/\/www.camara-sl.org.ar\/website\/?p=9784"},"modified":"2026-09-04T15:42:18","modified_gmt":"2026-09-04T18:42:18","slug":"un-teatro-lleno-para-dar-inicio-al-mes-de-la-industria-2026","status":"publish","type":"post","link":"https:\/\/www.camara-sl.org.ar\/website\/2026\/09\/un-teatro-lleno-para-dar-inicio-al-mes-de-la-industria-2026\/","title":{"rendered":"Un teatro lleno para dar inicio al Mes de la Industria 2026"},"content":{"rendered":"\t\t<div data-elementor-type=\"wp-post\" data-elementor-id=\"9784\" class=\"elementor elementor-9784\">\n\t\t\t\t\t\t<section class=\"elementor-section elementor-top-section elementor-element elementor-element-1607f967 elementor-section-boxed elementor-section-height-default elementor-section-height-default\" data-id=\"1607f967\" data-element_type=\"section\" data-e-type=\"section\">\n\t\t\t\t\t\t<div class=\"elementor-container elementor-column-gap-default\">\n\t\t\t\t\t<div class=\"elementor-column elementor-col-100 elementor-top-column elementor-element elementor-element-72086440\" data-id=\"72086440\" data-element_type=\"column\" data-e-type=\"column\">\n\t\t\t<div class=\"elementor-widget-wrap elementor-element-populated\">\n\t\t\t\t\t\t<div class=\"elementor-element elementor-element-600767fb elementor-widget elementor-widget-text-editor\" data-id=\"600767fb\" data-element_type=\"widget\" data-e-type=\"widget\" data-widget_type=\"text-editor.default\">\n\t\t\t\t<div class=\"elementor-widget-container\">\n\t\t\t\t\t\t\t\t\t<h3><span class=\"TextRun SCXW55030053 BCX0\" lang=\"EN-US\" xml:lang=\"EN-US\" data-contrast=\"auto\"><span class=\"NormalTextRun SCXW55030053 BCX0\"><a href=\"https:\/\/www.camara-sl.org.ar\/website\/wp-content\/uploads\/2026\/09\/20260903_214649660_iOS.heic\"><img decoding=\"async\" class=\"alignnone size-full wp-image-9785\" src=\"https:\/\/www.camara-sl.org.ar\/website\/wp-content\/uploads\/2026\/09\/20260903_214649660_iOS.heic\" alt=\"\" \/><\/a>El <\/span><span class=\"NormalTextRun SpellingErrorV2Themed SCXW55030053 BCX0\">pasado<\/span> <\/span><span class=\"TextRun SCXW55030053 BCX0\" lang=\"EN-US\" xml:lang=\"EN-US\" data-contrast=\"auto\"><span class=\"NormalTextRun SpellingErrorV2Themed SCXW55030053 BCX0\">jueves<\/span><span class=\"NormalTextRun SCXW55030053 BCX0\"> 3 de <\/span><span class=\"NormalTextRun SpellingErrorV2Themed SCXW55030053 BCX0\">septiembre<\/span> <span class=\"NormalTextRun SpellingErrorV2Themed SCXW55030053 BCX0\">dimos<\/span> <span class=\"NormalTextRun SpellingErrorV2Themed SCXW55030053 BCX0\">inicio<\/span><span class=\"NormalTextRun SCXW55030053 BCX0\"> al Mes de la Industria 2026<\/span><\/span><span class=\"TextRun SCXW55030053 BCX0\" lang=\"EN-US\" xml:lang=\"EN-US\" data-contrast=\"auto\"><span class=\"NormalTextRun SCXW55030053 BCX0\"> con <\/span><span class=\"NormalTextRun ContextualSpellingAndGrammarErrorV2Themed SCXW55030053 BCX0\">un Teatro Aldo<\/span><span class=\"NormalTextRun SCXW55030053 BCX0\"> Braga <\/span><span class=\"NormalTextRun SpellingErrorV2Themed SCXW55030053 BCX0\">colmado<\/span><span class=\"NormalTextRun SCXW55030053 BCX0\"> y <\/span><span class=\"NormalTextRun SpellingErrorV2Themed SCXW55030053 BCX0\">una<\/span> <span class=\"NormalTextRun SpellingErrorV2Themed SCXW55030053 BCX0\">propuesta<\/span> <span class=\"NormalTextRun SpellingErrorV2Themed SCXW55030053 BCX0\">que<\/span> <span class=\"NormalTextRun SpellingErrorV2Themed SCXW55030053 BCX0\">marc\u00f3<\/span><span class=\"NormalTextRun SCXW55030053 BCX0\"> el <\/span><span class=\"NormalTextRun SpellingErrorV2Themed SCXW55030053 BCX0\">nivel<\/span><span class=\"NormalTextRun SCXW55030053 BCX0\"> de <\/span><span class=\"NormalTextRun SpellingErrorV2Themed SCXW55030053 BCX0\">todo<\/span><span class=\"NormalTextRun SCXW55030053 BCX0\"> lo <\/span><span class=\"NormalTextRun SpellingErrorV2Themed SCXW55030053 BCX0\">que<\/span> <span class=\"NormalTextRun SpellingErrorV2Themed SCXW55030053 BCX0\">estamos<\/span> <span class=\"NormalTextRun SpellingErrorV2Themed SCXW55030053 BCX0\">construyendo<\/span><span class=\"NormalTextRun SCXW55030053 BCX0\"> para <\/span><span class=\"NormalTextRun SpellingErrorV2Themed SCXW55030053 BCX0\">este<\/span> <span class=\"NormalTextRun SpellingErrorV2Themed SCXW55030053 BCX0\">septiembre<\/span><span class=\"NormalTextRun SCXW55030053 BCX0\">.<\/span><\/span><span class=\"EOP Selected SCXW55030053 BCX0\" data-ccp-props=\"{&quot;335559738&quot;:240,&quot;335559739&quot;:240}\">\u00a0<\/span><\/h3>\t\t\t\t\t\t\t\t<\/div>\n\t\t\t\t<\/div>\n\t\t\t\t\t<\/div>\n\t\t<\/div>\n\t\t\t\t\t<\/div>\n\t\t<\/section>\n\t\t\t\t<section class=\"elementor-section elementor-top-section elementor-element elementor-element-8d34103 elementor-section-boxed elementor-section-height-default elementor-section-height-default\" data-id=\"8d34103\" data-element_type=\"section\" data-e-type=\"section\">\n\t\t\t\t\t\t<div class=\"elementor-container elementor-column-gap-default\">\n\t\t\t\t\t<div class=\"elementor-column elementor-col-100 elementor-top-column elementor-element elementor-element-971a9ab\" data-id=\"971a9ab\" data-element_type=\"column\" data-e-type=\"column\">\n\t\t\t<div class=\"elementor-widget-wrap elementor-element-populated\">\n\t\t\t\t\t\t<div class=\"elementor-element elementor-element-fa3965b elementor-widget elementor-widget-image\" data-id=\"fa3965b\" data-element_type=\"widget\" data-e-type=\"widget\" data-widget_type=\"image.default\">\n\t\t\t\t<div class=\"elementor-widget-container\">\n\t\t\t\t\t\t\t\t\t\t\t\t\t\t\t<img fetchpriority=\"high\" decoding=\"async\" width=\"1024\" height=\"768\" src=\"https:\/\/www.camara-sl.org.ar\/website\/wp-content\/uploads\/2026\/09\/20260903_214649660_iOS-1024x768.png\" class=\"attachment-large size-large wp-image-9786\" alt=\"\" srcset=\"https:\/\/www.camara-sl.org.ar\/website\/wp-content\/uploads\/2026\/09\/20260903_214649660_iOS-1024x768.png 1024w, https:\/\/www.camara-sl.org.ar\/website\/wp-content\/uploads\/2026\/09\/20260903_214649660_iOS-300x225.png 300w, https:\/\/www.camara-sl.org.ar\/website\/wp-content\/uploads\/2026\/09\/20260903_214649660_iOS-768x576.png 768w, https:\/\/www.camara-sl.org.ar\/website\/wp-content\/uploads\/2026\/09\/20260903_214649660_iOS-1536x1152.png 1536w, https:\/\/www.camara-sl.org.ar\/website\/wp-content\/uploads\/2026\/09\/20260903_214649660_iOS-2048x1536.png 2048w, https:\/\/www.camara-sl.org.ar\/website\/wp-content\/uploads\/2026\/09\/20260903_214649660_iOS-1320x990.png 1320w\" sizes=\"(max-width: 1024px) 100vw, 1024px\" \/>\t\t\t\t\t\t\t\t\t\t\t\t\t\t\t<\/div>\n\t\t\t\t<\/div>\n\t\t\t\t\t<\/div>\n\t\t<\/div>\n\t\t\t\t\t<\/div>\n\t\t<\/section>\n\t\t\t\t<section class=\"elementor-section elementor-top-section elementor-element elementor-element-b05d0d2 elementor-section-boxed elementor-section-height-default elementor-section-height-default\" data-id=\"b05d0d2\" data-element_type=\"section\" data-e-type=\"section\">\n\t\t\t\t\t\t<div class=\"elementor-container elementor-column-gap-default\">\n\t\t\t\t\t<div class=\"elementor-column elementor-col-100 elementor-top-column elementor-element elementor-element-a16ea14\" data-id=\"a16ea14\" data-element_type=\"column\" data-e-type=\"column\">\n\t\t\t<div class=\"elementor-widget-wrap elementor-element-populated\">\n\t\t\t\t\t\t<div class=\"elementor-element elementor-element-be7d28f elementor-widget elementor-widget-text-editor\" data-id=\"be7d28f\" data-element_type=\"widget\" data-e-type=\"widget\" data-widget_type=\"text-editor.default\">\n\t\t\t\t<div class=\"elementor-widget-container\">\n\t\t\t\t\t\t\t\t\t<p><span data-contrast=\"auto\">Desde la <\/span><b><span data-contrast=\"auto\">C\u00e1mara de Comercio, Industria y Servicios de San Lorenzo y su zona<\/span><\/b><span data-contrast=\"auto\">, junto a <\/span><b><span data-contrast=\"auto\">Fundaci\u00f3n Aportar<\/span><\/b><span data-contrast=\"auto\">, recibimos por primera vez en nuestra regi\u00f3n a <\/span><b><span data-contrast=\"auto\">Patricia Jebsen<\/span><\/b><span data-contrast=\"auto\">, reconocida referente en liderazgo y transformaci\u00f3n digital, con su charla magistral <\/span><b><span data-contrast=\"auto\">\u201cEl mundo del trabajo\u201d<\/span><\/b><span data-contrast=\"auto\">.<\/span><span data-ccp-props=\"{&quot;335559738&quot;:240,&quot;335559739&quot;:240}\">\u00a0<\/span><\/p><p><span data-contrast=\"auto\">La industria est\u00e1 atravesando una transformaci\u00f3n profunda. Nuevas tecnolog\u00edas, inteligencia artificial, cambios en los modelos de liderazgo y la convivencia de distintas generaciones plantean nuevos desaf\u00edos para las empresas y, especialmente, para quienes tienen la responsabilidad de conducir equipos y organizaciones.<\/span><span data-ccp-props=\"{&quot;335559738&quot;:240,&quot;335559739&quot;:240}\">\u00a0<\/span><\/p><p><span data-contrast=\"auto\">Generar espacios para conversar sobre estos cambios tambi\u00e9n es una forma de <\/span><b><span data-contrast=\"auto\">fortalecer nuestro entramado industrial<\/span><\/b><span data-contrast=\"auto\">. Porque el crecimiento de la industria no depende \u00fanicamente de infraestructura, producci\u00f3n e inversiones: tambi\u00e9n necesita conocimiento, innovaci\u00f3n, talento y personas preparadas para liderar lo que viene.<\/span><span data-ccp-props=\"{&quot;335559738&quot;:240,&quot;335559739&quot;:240}\">\u00a0<\/span><\/p><p><span data-contrast=\"auto\">Ver el teatro lleno confirm\u00f3 la importancia de impulsar este tipo de encuentros y el enorme inter\u00e9s que existe en nuestra regi\u00f3n por seguir aprendiendo, conect\u00e1ndonos y pensando colectivamente el futuro de uno de los polos industriales m\u00e1s importantes del pa\u00eds.<\/span><span data-ccp-props=\"{&quot;335559738&quot;:240,&quot;335559739&quot;:240}\">\u00a0<\/span><span data-ccp-props=\"{&quot;335559738&quot;:240,&quot;335559739&quot;:240}\">\u00a0<\/span><\/p>\t\t\t\t\t\t\t\t<\/div>\n\t\t\t\t<\/div>\n\t\t\t\t\t<\/div>\n\t\t<\/div>\n\t\t\t\t\t<\/div>\n\t\t<\/section>\n\t\t\t\t<section class=\"elementor-section elementor-top-section elementor-element elementor-element-3c640dd elementor-section-full_width elementor-section-height-default elementor-section-height-default\" data-id=\"3c640dd\" data-element_type=\"section\" data-e-type=\"section\">\n\t\t\t\t\t\t<div class=\"elementor-container elementor-column-gap-default\">\n\t\t\t\t\t<div class=\"elementor-column elementor-col-100 elementor-top-column elementor-element elementor-element-fbc13c4\" data-id=\"fbc13c4\" data-element_type=\"column\" data-e-type=\"column\">\n\t\t\t<div class=\"elementor-widget-wrap elementor-element-populated\">\n\t\t\t\t\t\t<div class=\"elementor-element elementor-element-52c14b4 elementor-arrows-position-inside elementor-pagination-position-outside elementor-widget elementor-widget-image-carousel\" data-id=\"52c14b4\" data-element_type=\"widget\" data-e-type=\"widget\" data-settings=\"{&quot;navigation&quot;:&quot;both&quot;,&quot;autoplay&quot;:&quot;yes&quot;,&quot;pause_on_hover&quot;:&quot;yes&quot;,&quot;pause_on_interaction&quot;:&quot;yes&quot;,&quot;autoplay_speed&quot;:5000,&quot;infinite&quot;:&quot;yes&quot;,&quot;speed&quot;:500}\" data-widget_type=\"image-carousel.default\">\n\t\t\t\t<div class=\"elementor-widget-container\">\n\t\t\t\t\t\t\t<div class=\"elementor-image-carousel-wrapper swiper\" role=\"region\" aria-roledescription=\"carousel\" aria-label=\"Carrusel de im\u00e1genes\" dir=\"ltr\">\n\t\t\t<div class=\"elementor-image-carousel swiper-wrapper\" aria-live=\"off\">\n\t\t\t\t\t\t\t\t<div class=\"swiper-slide\" role=\"group\" aria-roledescription=\"slide\" aria-label=\"1 de 7\"><figure class=\"swiper-slide-inner\"><img decoding=\"async\" class=\"swiper-slide-image\" src=\"https:\/\/www.camara-sl.org.ar\/website\/wp-content\/uploads\/2026\/09\/20260903_212222654_iOS-scaled.png\" alt=\"20260903_212222654_iOS\" \/><\/figure><\/div><div class=\"swiper-slide\" role=\"group\" aria-roledescription=\"slide\" aria-label=\"2 de 7\"><figure class=\"swiper-slide-inner\"><img decoding=\"async\" class=\"swiper-slide-image\" src=\"https:\/\/www.camara-sl.org.ar\/website\/wp-content\/uploads\/2026\/09\/20260903_214947479_iOS-scaled.png\" alt=\"20260903_214947479_iOS\" \/><\/figure><\/div><div class=\"swiper-slide\" role=\"group\" aria-roledescription=\"slide\" aria-label=\"3 de 7\"><figure class=\"swiper-slide-inner\"><img decoding=\"async\" class=\"swiper-slide-image\" src=\"https:\/\/www.camara-sl.org.ar\/website\/wp-content\/uploads\/2026\/09\/20260903_221617760_iOS-scaled.png\" alt=\"20260903_221617760_iOS\" \/><\/figure><\/div><div class=\"swiper-slide\" role=\"group\" aria-roledescription=\"slide\" aria-label=\"4 de 7\"><figure class=\"swiper-slide-inner\"><img decoding=\"async\" class=\"swiper-slide-image\" src=\"https:\/\/www.camara-sl.org.ar\/website\/wp-content\/uploads\/2026\/09\/20260903_212626580_iOS-scaled.png\" alt=\"20260903_212626580_iOS\" \/><\/figure><\/div><div class=\"swiper-slide\" role=\"group\" aria-roledescription=\"slide\" aria-label=\"5 de 7\"><figure class=\"swiper-slide-inner\"><img decoding=\"async\" class=\"swiper-slide-image\" src=\"https:\/\/www.camara-sl.org.ar\/website\/wp-content\/uploads\/2026\/09\/20260903_233544551_iOS-scaled.png\" alt=\"20260903_233544551_iOS\" \/><\/figure><\/div><div class=\"swiper-slide\" role=\"group\" aria-roledescription=\"slide\" aria-label=\"6 de 7\"><figure class=\"swiper-slide-inner\"><img decoding=\"async\" class=\"swiper-slide-image\" src=\"https:\/\/www.camara-sl.org.ar\/website\/wp-content\/uploads\/2026\/09\/20260903_231747609_iOS-scaled.png\" alt=\"20260903_231747609_iOS\" \/><\/figure><\/div><div class=\"swiper-slide\" role=\"group\" aria-roledescription=\"slide\" aria-label=\"7 de 7\"><figure class=\"swiper-slide-inner\"><img decoding=\"async\" class=\"swiper-slide-image\" src=\"https:\/\/www.camara-sl.org.ar\/website\/wp-content\/uploads\/2026\/09\/20260903_221829562_iOS-scaled.png\" alt=\"20260903_221829562_iOS\" \/><\/figure><\/div>\t\t\t<\/div>\n\t\t\t\t\t\t\t\t\t\t\t\t<div class=\"elementor-swiper-button elementor-swiper-button-prev\" role=\"button\" tabindex=\"0\">\n\t\t\t\t\t\t<svg aria-hidden=\"true\" class=\"e-font-icon-svg e-eicon-chevron-left\" viewBox=\"0 0 1000 1000\" xmlns=\"http:\/\/www.w3.org\/2000\/svg\"><path d=\"M646 125C629 125 613 133 604 142L308 442C296 454 292 471 292 487 292 504 296 521 308 533L604 854C617 867 629 875 646 875 663 875 679 871 692 858 704 846 713 829 713 812 713 796 708 779 692 767L438 487 692 225C700 217 708 204 708 187 708 171 704 154 692 142 675 129 663 125 646 125Z\"><\/path><\/svg>\t\t\t\t\t<\/div>\n\t\t\t\t\t<div class=\"elementor-swiper-button elementor-swiper-button-next\" role=\"button\" tabindex=\"0\">\n\t\t\t\t\t\t<svg aria-hidden=\"true\" class=\"e-font-icon-svg e-eicon-chevron-right\" viewBox=\"0 0 1000 1000\" xmlns=\"http:\/\/www.w3.org\/2000\/svg\"><path d=\"M696 533C708 521 713 504 713 487 713 471 708 454 696 446L400 146C388 133 375 125 354 125 338 125 325 129 313 142 300 154 292 171 292 187 292 204 296 221 308 233L563 492 304 771C292 783 288 800 288 817 288 833 296 850 308 863 321 871 338 875 354 875 371 875 388 867 400 854L696 533Z\"><\/path><\/svg>\t\t\t\t\t<\/div>\n\t\t\t\t\n\t\t\t\t\t\t\t\t\t<div class=\"swiper-pagination\"><\/div>\n\t\t\t\t\t\t\t\t\t<\/div>\n\t\t\t\t\t\t<\/div>\n\t\t\t\t<\/div>\n\t\t\t\t<div class=\"elementor-element elementor-element-fbd90e9 elementor-widget elementor-widget-text-editor\" data-id=\"fbd90e9\" data-element_type=\"widget\" data-e-type=\"widget\" data-widget_type=\"text-editor.default\">\n\t\t\t\t<div class=\"elementor-widget-container\">\n\t\t\t\t\t\t\t\t\t<p><span data-contrast=\"auto\">Adem\u00e1s, la jornada tuvo un fin solidario: gracias al aporte de los asistentes recolectamos alimentos no perecederos que ser\u00e1n destinados a <\/span><b><span data-contrast=\"auto\">Estrellas Chiquitas<\/span><\/b><span data-contrast=\"auto\">, instituci\u00f3n acompa\u00f1ada durante este a\u00f1o a trav\u00e9s del Premio V\u00ednculos.<\/span><span data-ccp-props=\"{&quot;335559738&quot;:240,&quot;335559739&quot;:240}\">\u00a0<\/span><\/p><p><span data-contrast=\"auto\">Este encuentro fue solo el comienzo. Durante septiembre continuaremos generando espacios de <\/span><b><span data-contrast=\"auto\">vinculaci\u00f3n empresarial, innovaci\u00f3n, formaci\u00f3n, tecnolog\u00eda y desarrollo productivo<\/span><\/b><span data-contrast=\"auto\"> para seguir potenciando las capacidades de nuestra regi\u00f3n.<\/span><span data-ccp-props=\"{&quot;335559738&quot;:240,&quot;335559739&quot;:240}\">\u00a0<\/span><\/p><p><b><span data-contrast=\"auto\">El Mes de la Industria 2026 ya est\u00e1 en marcha.<\/span><\/b><span data-ccp-props=\"{&quot;335559738&quot;:240,&quot;335559739&quot;:240}\">\u00a0<\/span><\/p><p><span data-contrast=\"auto\">Conoc\u00e9 la agenda e inscribite a las pr\u00f3ximas actividades en<\/span> <a href=\"https:\/\/www.camara-sl.org.ar\/website\/mes-de-la-industria-2026\/?utm_source=chatgpt.com\"><span data-contrast=\"none\">Mes de la Industria 2026<\/span><\/a><span data-ccp-props=\"{&quot;335559738&quot;:240,&quot;335559739&quot;:240}\">\u00a0<\/span><\/p><p><span data-contrast=\"auto\">#MesDeLaIndustria #Industria #DesarrolloProductivo #Innovaci\u00f3n #Liderazgo\u00a0<\/span><span data-ccp-props=\"{&quot;335559738&quot;:240,&quot;335559739&quot;:240}\">\u00a0<\/span><\/p><p><span data-ccp-props=\"{&quot;335559738&quot;:240,&quot;335559739&quot;:240}\">\u00a0<\/span><\/p>\t\t\t\t\t\t\t\t<\/div>\n\t\t\t\t<\/div>\n\t\t\t\t\t<\/div>\n\t\t<\/div>\n\t\t\t\t\t<\/div>\n\t\t<\/section>\n\t\t\t\t<section class=\"elementor-section elementor-top-section elementor-element elementor-element-5ef8b0c elementor-section-boxed elementor-section-height-default elementor-section-height-default\" data-id=\"5ef8b0c\" data-element_type=\"section\" data-e-type=\"section\">\n\t\t\t\t\t\t<div class=\"elementor-container elementor-column-gap-default\">\n\t\t\t\t\t<div class=\"elementor-column elementor-col-100 elementor-top-column elementor-element elementor-element-cf4293a\" data-id=\"cf4293a\" data-element_type=\"column\" data-e-type=\"column\">\n\t\t\t<div class=\"elementor-widget-wrap\">\n\t\t\t\t\t\t\t<\/div>\n\t\t<\/div>\n\t\t\t\t\t<\/div>\n\t\t<\/section>\n\t\t\t\t<\/div>\n\t\t","protected":false},"excerpt":{"rendered":"<p>El pasado jueves 3 de septiembre dimos inicio al Mes de la Industria 2026 con un Teatro Aldo Braga colmado y una propuesta que marc\u00f3 el nivel de todo lo que estamos construyendo para este septiembre. Desde la C\u00e1mara de Comercio, Industria y Servicios de San Lorenzo y su zona, junto a Fundaci\u00f3n Aportar, recibimos [&hellip;]<\/p>\n","protected":false},"author":14,"featured_media":9792,"comment_status":"open","ping_status":"open","sticky":false,"template":"","format":"standard","meta":{"_monsterinsights_skip_tracking":false,"site-sidebar-layout":"default","site-content-layout":"","ast-site-content-layout":"default","site-content-style":"default","site-sidebar-style":"default","ast-global-header-display":"","ast-banner-title-visibility":"","ast-main-header-display":"","ast-hfb-above-header-display":"","ast-hfb-below-header-display":"","ast-hfb-mobile-header-display":"","site-post-title":"","ast-breadcrumbs-content":"","ast-featured-img":"","footer-sml-layout":"","ast-disable-related-posts":"","theme-transparent-header-meta":"default","adv-header-id-meta":"","stick-header-meta":"","header-above-stick-meta":"","header-main-stick-meta":"","header-below-stick-meta":"","astra-migrate-meta-layouts":"set","ast-page-background-enabled":"default","ast-page-background-meta":{"desktop":{"background-color":"var(--ast-global-color-5)","background-image":"","background-repeat":"repeat","background-position":"center center","background-size":"auto","background-attachment":"scroll","background-type":"","background-media":"","overlay-type":"","overlay-color":"","overlay-opacity":"","overlay-gradient":""},"tablet":{"background-color":"","background-image":"","background-repeat":"repeat","background-position":"center center","background-size":"auto","background-attachment":"scroll","background-type":"","background-media":"","overlay-type":"","overlay-color":"","overlay-opacity":"","overlay-gradient":""},"mobile":{"background-color":"","background-image":"","background-repeat":"repeat","background-position":"center center","background-size":"auto","background-attachment":"scroll","background-type":"","background-media":"","overlay-type":"","overlay-color":"","overlay-opacity":"","overlay-gradient":""}},"ast-content-background-meta":{"desktop":{"background-color":"var(--ast-global-color-4)","background-image":"","background-repeat":"repeat","background-position":"center center","background-size":"auto","background-attachment":"scroll","background-type":"","background-media":"","overlay-type":"","overlay-color":"","overlay-opacity":"","overlay-gradient":""},"tablet":{"background-color":"var(--ast-global-color-4)","background-image":"","background-repeat":"repeat","background-position":"center center","background-size":"auto","background-attachment":"scroll","background-type":"","background-media":"","overlay-type":"","overlay-color":"","overlay-opacity":"","overlay-gradient":""},"mobile":{"background-color":"var(--ast-global-color-4)","background-image":"","background-repeat":"repeat","background-position":"center center","background-size":"auto","background-attachment":"scroll","background-type":"","background-media":"","overlay-type":"","overlay-color":"","overlay-opacity":"","overlay-gradient":""}},"footnotes":""},"categories":[3,1],"tags":[175],"class_list":["post-9784","post","type-post","status-publish","format-standard","has-post-thumbnail","hentry","category-destacadas","category-novedades","tag-mes-de-la-industria-2026"],"aioseo_notices":[],"aioseo_head":"\n\t\t<!-- All in One SEO 5.0.1 - aioseo.com -->\n\t<meta name=\"description\" content=\"El pasado jueves 3 de septiembre dimos inicio al Mes de la Industria 2026 con un Teatro Aldo Braga colmado y una propuesta que marc\u00f3 el nivel de todo lo que estamos construyendo para este septiembre. Desde la C\u00e1mara de Comercio, Industria y Servicios de San Lorenzo y su zona, junto a Fundaci\u00f3n Aportar, recibimos\" \/>\n\t<meta name=\"robots\" content=\"max-image-preview:large\" \/>\n\t<meta name=\"author\" content=\"Santi\"\/>\n\t<link rel=\"canonical\" href=\"https:\/\/www.camara-sl.org.ar\/website\/2026\/09\/un-teatro-lleno-para-dar-inicio-al-mes-de-la-industria-2026\/\" \/>\n\t<meta name=\"generator\" content=\"All in One SEO (AIOSEO) 5.0.1\" \/>\n\t\t<meta property=\"og:locale\" content=\"es_ES\" \/>\n\t\t<meta property=\"og:site_name\" content=\"C\u00e1mara de Comercio Industria y Servicios de San Lorenzo y su Zona | Protagonistas del Desarrollo Productivo de Nuestra Regi\u00f3n\" \/>\n\t\t<meta property=\"og:type\" content=\"article\" \/>\n\t\t<meta property=\"og:title\" content=\"Un teatro lleno para dar inicio al Mes de la Industria 2026 | C\u00e1mara de Comercio Industria y Servicios de San Lorenzo y su Zona\" \/>\n\t\t<meta property=\"og:description\" content=\"El pasado jueves 3 de septiembre dimos inicio al Mes de la Industria 2026 con un Teatro Aldo Braga colmado y una propuesta que marc\u00f3 el nivel de todo lo que estamos construyendo para este septiembre. Desde la C\u00e1mara de Comercio, Industria y Servicios de San Lorenzo y su zona, junto a Fundaci\u00f3n Aportar, recibimos\" \/>\n\t\t<meta property=\"og:url\" content=\"https:\/\/www.camara-sl.org.ar\/website\/2026\/09\/un-teatro-lleno-para-dar-inicio-al-mes-de-la-industria-2026\/\" \/>\n\t\t<meta property=\"og:image\" content=\"https:\/\/www.camara-sl.org.ar\/website\/wp-content\/uploads\/2026\/03\/logo-CSL.svg\" \/>\n\t\t<meta property=\"og:image:secure_url\" content=\"https:\/\/www.camara-sl.org.ar\/website\/wp-content\/uploads\/2026\/03\/logo-CSL.svg\" \/>\n\t\t<meta property=\"article:published_time\" content=\"2026-09-04T18:25:36+00:00\" \/>\n\t\t<meta property=\"article:modified_time\" content=\"2026-09-04T18:42:18+00:00\" \/>\n\t\t<meta name=\"twitter:card\" content=\"summary\" \/>\n\t\t<meta name=\"twitter:title\" content=\"Un teatro lleno para dar inicio al Mes de la Industria 2026 | C\u00e1mara de Comercio Industria y Servicios de San Lorenzo y su Zona\" \/>\n\t\t<meta name=\"twitter:description\" content=\"El pasado jueves 3 de septiembre dimos inicio al Mes de la Industria 2026 con un Teatro Aldo Braga colmado y una propuesta que marc\u00f3 el nivel de todo lo que estamos construyendo para este septiembre. Desde la C\u00e1mara de Comercio, Industria y Servicios de San Lorenzo y su zona, junto a Fundaci\u00f3n Aportar, recibimos\" \/>\n\t\t<meta name=\"twitter:image\" content=\"https:\/\/www.camara-sl.org.ar\/website\/wp-content\/uploads\/2026\/03\/logo-CSL.svg\" \/>\n\t\t<script type=\"application\/ld+json\" class=\"aioseo-schema\">\n\t\t\t{\"@context\":\"https:\\\/\\\/schema.org\",\"@graph\":[{\"@type\":\"Article\",\"@id\":\"https:\\\/\\\/www.camara-sl.org.ar\\\/website\\\/2026\\\/09\\\/un-teatro-lleno-para-dar-inicio-al-mes-de-la-industria-2026\\\/#article\",\"name\":\"Un teatro lleno para dar inicio al Mes de la Industria 2026 | C\\u00e1mara de Comercio Industria y Servicios de San Lorenzo y su Zona\",\"headline\":\"Un teatro lleno para dar inicio al Mes de la Industria 2026\",\"author\":{\"@id\":\"https:\\\/\\\/www.camara-sl.org.ar\\\/website\\\/author\\\/santi\\\/#author\"},\"publisher\":{\"@id\":\"https:\\\/\\\/www.camara-sl.org.ar\\\/website\\\/#organization\"},\"image\":{\"@type\":\"ImageObject\",\"url\":\"https:\\\/\\\/www.camara-sl.org.ar\\\/website\\\/wp-content\\\/uploads\\\/2026\\\/09\\\/20260903_231747609_iOS-scaled.png\",\"width\":2560,\"height\":1920},\"datePublished\":\"2026-09-04T15:25:36-03:00\",\"dateModified\":\"2026-09-04T15:42:18-03:00\",\"inLanguage\":\"es-ES\",\"mainEntityOfPage\":{\"@id\":\"https:\\\/\\\/www.camara-sl.org.ar\\\/website\\\/2026\\\/09\\\/un-teatro-lleno-para-dar-inicio-al-mes-de-la-industria-2026\\\/#webpage\"},\"isPartOf\":{\"@id\":\"https:\\\/\\\/www.camara-sl.org.ar\\\/website\\\/2026\\\/09\\\/un-teatro-lleno-para-dar-inicio-al-mes-de-la-industria-2026\\\/#webpage\"},\"articleSection\":\"Destacadas, Novedades, Mes de la Industria 2026\"},{\"@type\":\"BreadcrumbList\",\"@id\":\"https:\\\/\\\/www.camara-sl.org.ar\\\/website\\\/2026\\\/09\\\/un-teatro-lleno-para-dar-inicio-al-mes-de-la-industria-2026\\\/#breadcrumblist\",\"itemListElement\":[{\"@type\":\"ListItem\",\"@id\":\"https:\\\/\\\/www.camara-sl.org.ar\\\/website#listItem\",\"position\":1,\"name\":\"Inicio\",\"item\":\"https:\\\/\\\/www.camara-sl.org.ar\\\/website\",\"nextItem\":{\"@type\":\"ListItem\",\"@id\":\"https:\\\/\\\/www.camara-sl.org.ar\\\/website\\\/categoria\\\/novedades\\\/#listItem\",\"name\":\"Novedades\"}},{\"@type\":\"ListItem\",\"@id\":\"https:\\\/\\\/www.camara-sl.org.ar\\\/website\\\/categoria\\\/novedades\\\/#listItem\",\"position\":2,\"name\":\"Novedades\",\"item\":\"https:\\\/\\\/www.camara-sl.org.ar\\\/website\\\/categoria\\\/novedades\\\/\",\"nextItem\":{\"@type\":\"ListItem\",\"@id\":\"https:\\\/\\\/www.camara-sl.org.ar\\\/website\\\/categoria\\\/novedades\\\/destacadas\\\/#listItem\",\"name\":\"Destacadas\"},\"previousItem\":{\"@type\":\"ListItem\",\"@id\":\"https:\\\/\\\/www.camara-sl.org.ar\\\/website#listItem\",\"name\":\"Inicio\"}},{\"@type\":\"ListItem\",\"@id\":\"https:\\\/\\\/www.camara-sl.org.ar\\\/website\\\/categoria\\\/novedades\\\/destacadas\\\/#listItem\",\"position\":3,\"name\":\"Destacadas\",\"item\":\"https:\\\/\\\/www.camara-sl.org.ar\\\/website\\\/categoria\\\/novedades\\\/destacadas\\\/\",\"nextItem\":{\"@type\":\"ListItem\",\"@id\":\"https:\\\/\\\/www.camara-sl.org.ar\\\/website\\\/2026\\\/09\\\/un-teatro-lleno-para-dar-inicio-al-mes-de-la-industria-2026\\\/#listItem\",\"name\":\"Un teatro lleno para dar inicio al Mes de la Industria 2026\"},\"previousItem\":{\"@type\":\"ListItem\",\"@id\":\"https:\\\/\\\/www.camara-sl.org.ar\\\/website\\\/categoria\\\/novedades\\\/#listItem\",\"name\":\"Novedades\"}},{\"@type\":\"ListItem\",\"@id\":\"https:\\\/\\\/www.camara-sl.org.ar\\\/website\\\/2026\\\/09\\\/un-teatro-lleno-para-dar-inicio-al-mes-de-la-industria-2026\\\/#listItem\",\"position\":4,\"name\":\"Un teatro lleno para dar inicio al Mes de la Industria 2026\",\"previousItem\":{\"@type\":\"ListItem\",\"@id\":\"https:\\\/\\\/www.camara-sl.org.ar\\\/website\\\/categoria\\\/novedades\\\/destacadas\\\/#listItem\",\"name\":\"Destacadas\"}}]},{\"@type\":\"Organization\",\"@id\":\"https:\\\/\\\/www.camara-sl.org.ar\\\/website\\\/#organization\",\"name\":\"Camara de Comercio, Industria y Servicios de San Lorenzo y su Zona\",\"description\":\"Protagonistas del Desarrollo Productivo de Nuestra Regi\\u00f3n\",\"url\":\"https:\\\/\\\/www.camara-sl.org.ar\\\/website\\\/\",\"telephone\":\"+543476424970\",\"logo\":{\"@type\":\"ImageObject\",\"url\":\"https:\\\/\\\/www.camara-sl.org.ar\\\/website\\\/wp-content\\\/uploads\\\/2019\\\/05\\\/logo-logocamara-2019.png\",\"@id\":\"https:\\\/\\\/www.camara-sl.org.ar\\\/website\\\/2026\\\/09\\\/un-teatro-lleno-para-dar-inicio-al-mes-de-la-industria-2026\\\/#organizationLogo\",\"width\":353,\"height\":134},\"image\":{\"@id\":\"https:\\\/\\\/www.camara-sl.org.ar\\\/website\\\/2026\\\/09\\\/un-teatro-lleno-para-dar-inicio-al-mes-de-la-industria-2026\\\/#organizationLogo\"}},{\"@type\":\"Person\",\"@id\":\"https:\\\/\\\/www.camara-sl.org.ar\\\/website\\\/author\\\/santi\\\/#author\",\"url\":\"https:\\\/\\\/www.camara-sl.org.ar\\\/website\\\/author\\\/santi\\\/\",\"name\":\"Santi\",\"image\":{\"@type\":\"ImageObject\",\"@id\":\"https:\\\/\\\/www.camara-sl.org.ar\\\/website\\\/2026\\\/09\\\/un-teatro-lleno-para-dar-inicio-al-mes-de-la-industria-2026\\\/#authorImage\",\"url\":\"https:\\\/\\\/secure.gravatar.com\\\/avatar\\\/cd13301c778f3d90d121a94ba31e540426aa00d1c37e011fb2c9d969b7cdf5cc?s=96&d=mm&r=g\",\"width\":96,\"height\":96,\"caption\":\"Santi\"}},{\"@type\":\"WebPage\",\"@id\":\"https:\\\/\\\/www.camara-sl.org.ar\\\/website\\\/2026\\\/09\\\/un-teatro-lleno-para-dar-inicio-al-mes-de-la-industria-2026\\\/#webpage\",\"url\":\"https:\\\/\\\/www.camara-sl.org.ar\\\/website\\\/2026\\\/09\\\/un-teatro-lleno-para-dar-inicio-al-mes-de-la-industria-2026\\\/\",\"name\":\"Un teatro lleno para dar inicio al Mes de la Industria 2026 | C\\u00e1mara de Comercio Industria y Servicios de San Lorenzo y su Zona\",\"description\":\"El pasado jueves 3 de septiembre dimos inicio al Mes de la Industria 2026 con un Teatro Aldo Braga colmado y una propuesta que marc\\u00f3 el nivel de todo lo que estamos construyendo para este septiembre. Desde la C\\u00e1mara de Comercio, Industria y Servicios de San Lorenzo y su zona, junto a Fundaci\\u00f3n Aportar, recibimos\",\"inLanguage\":\"es-ES\",\"isPartOf\":{\"@id\":\"https:\\\/\\\/www.camara-sl.org.ar\\\/website\\\/#website\"},\"breadcrumb\":{\"@id\":\"https:\\\/\\\/www.camara-sl.org.ar\\\/website\\\/2026\\\/09\\\/un-teatro-lleno-para-dar-inicio-al-mes-de-la-industria-2026\\\/#breadcrumblist\"},\"author\":{\"@id\":\"https:\\\/\\\/www.camara-sl.org.ar\\\/website\\\/author\\\/santi\\\/#author\"},\"creator\":{\"@id\":\"https:\\\/\\\/www.camara-sl.org.ar\\\/website\\\/author\\\/santi\\\/#author\"},\"image\":{\"@type\":\"ImageObject\",\"url\":\"https:\\\/\\\/www.camara-sl.org.ar\\\/website\\\/wp-content\\\/uploads\\\/2026\\\/09\\\/20260903_231747609_iOS-scaled.png\",\"@id\":\"https:\\\/\\\/www.camara-sl.org.ar\\\/website\\\/2026\\\/09\\\/un-teatro-lleno-para-dar-inicio-al-mes-de-la-industria-2026\\\/#mainImage\",\"width\":2560,\"height\":1920},\"primaryImageOfPage\":{\"@id\":\"https:\\\/\\\/www.camara-sl.org.ar\\\/website\\\/2026\\\/09\\\/un-teatro-lleno-para-dar-inicio-al-mes-de-la-industria-2026\\\/#mainImage\"},\"datePublished\":\"2026-09-04T15:25:36-03:00\",\"dateModified\":\"2026-09-04T15:42:18-03:00\"},{\"@type\":\"WebSite\",\"@id\":\"https:\\\/\\\/www.camara-sl.org.ar\\\/website\\\/#website\",\"url\":\"https:\\\/\\\/www.camara-sl.org.ar\\\/website\\\/\",\"name\":\"Camara de Comercio Industria y Servicios de San Lorenzo y su Zona\",\"description\":\"Protagonistas del Desarrollo Productivo de Nuestra Regi\\u00f3n\",\"inLanguage\":\"es-ES\",\"publisher\":{\"@id\":\"https:\\\/\\\/www.camara-sl.org.ar\\\/website\\\/#organization\"}}]}\n\t\t<\/script>\n\t\t<!-- All in One SEO -->\n\n","aioseo_head_json":{"title":"Un teatro lleno para dar inicio al Mes de la Industria 2026 | C\u00e1mara de Comercio Industria y Servicios de San Lorenzo y su Zona","description":"El pasado jueves 3 de septiembre dimos inicio al Mes de la Industria 2026 con un Teatro Aldo Braga colmado y una propuesta que marc\u00f3 el nivel de todo lo que estamos construyendo para este septiembre. Desde la C\u00e1mara de Comercio, Industria y Servicios de San Lorenzo y su zona, junto a Fundaci\u00f3n Aportar, recibimos","canonical_url":"https:\/\/www.camara-sl.org.ar\/website\/2026\/09\/un-teatro-lleno-para-dar-inicio-al-mes-de-la-industria-2026\/","robots":"max-image-preview:large","keywords":"","webmasterTools":{"miscellaneous":""},"schema":{"@context":"https:\/\/schema.org","@graph":[{"@type":"Article","@id":"https:\/\/www.camara-sl.org.ar\/website\/2026\/09\/un-teatro-lleno-para-dar-inicio-al-mes-de-la-industria-2026\/#article","name":"Un teatro lleno para dar inicio al Mes de la Industria 2026 | C\u00e1mara de Comercio Industria y Servicios de San Lorenzo y su Zona","headline":"Un teatro lleno para dar inicio al Mes de la Industria 2026","author":{"@id":"https:\/\/www.camara-sl.org.ar\/website\/author\/santi\/#author"},"publisher":{"@id":"https:\/\/www.camara-sl.org.ar\/website\/#organization"},"image":{"@type":"ImageObject","url":"https:\/\/www.camara-sl.org.ar\/website\/wp-content\/uploads\/2026\/09\/20260903_231747609_iOS-scaled.png","width":2560,"height":1920},"datePublished":"2026-09-04T15:25:36-03:00","dateModified":"2026-09-04T15:42:18-03:00","inLanguage":"es-ES","mainEntityOfPage":{"@id":"https:\/\/www.camara-sl.org.ar\/website\/2026\/09\/un-teatro-lleno-para-dar-inicio-al-mes-de-la-industria-2026\/#webpage"},"isPartOf":{"@id":"https:\/\/www.camara-sl.org.ar\/website\/2026\/09\/un-teatro-lleno-para-dar-inicio-al-mes-de-la-industria-2026\/#webpage"},"articleSection":"Destacadas, Novedades, Mes de la Industria 2026"},{"@type":"BreadcrumbList","@id":"https:\/\/www.camara-sl.org.ar\/website\/2026\/09\/un-teatro-lleno-para-dar-inicio-al-mes-de-la-industria-2026\/#breadcrumblist","itemListElement":[{"@type":"ListItem","@id":"https:\/\/www.camara-sl.org.ar\/website#listItem","position":1,"name":"Inicio","item":"https:\/\/www.camara-sl.org.ar\/website","nextItem":{"@type":"ListItem","@id":"https:\/\/www.camara-sl.org.ar\/website\/categoria\/novedades\/#listItem","name":"Novedades"}},{"@type":"ListItem","@id":"https:\/\/www.camara-sl.org.ar\/website\/categoria\/novedades\/#listItem","position":2,"name":"Novedades","item":"https:\/\/www.camara-sl.org.ar\/website\/categoria\/novedades\/","nextItem":{"@type":"ListItem","@id":"https:\/\/www.camara-sl.org.ar\/website\/categoria\/novedades\/destacadas\/#listItem","name":"Destacadas"},"previousItem":{"@type":"ListItem","@id":"https:\/\/www.camara-sl.org.ar\/website#listItem","name":"Inicio"}},{"@type":"ListItem","@id":"https:\/\/www.camara-sl.org.ar\/website\/categoria\/novedades\/destacadas\/#listItem","position":3,"name":"Destacadas","item":"https:\/\/www.camara-sl.org.ar\/website\/categoria\/novedades\/destacadas\/","nextItem":{"@type":"ListItem","@id":"https:\/\/www.camara-sl.org.ar\/website\/2026\/09\/un-teatro-lleno-para-dar-inicio-al-mes-de-la-industria-2026\/#listItem","name":"Un teatro lleno para dar inicio al Mes de la Industria 2026"},"previousItem":{"@type":"ListItem","@id":"https:\/\/www.camara-sl.org.ar\/website\/categoria\/novedades\/#listItem","name":"Novedades"}},{"@type":"ListItem","@id":"https:\/\/www.camara-sl.org.ar\/website\/2026\/09\/un-teatro-lleno-para-dar-inicio-al-mes-de-la-industria-2026\/#listItem","position":4,"name":"Un teatro lleno para dar inicio al Mes de la Industria 2026","previousItem":{"@type":"ListItem","@id":"https:\/\/www.camara-sl.org.ar\/website\/categoria\/novedades\/destacadas\/#listItem","name":"Destacadas"}}]},{"@type":"Organization","@id":"https:\/\/www.camara-sl.org.ar\/website\/#organization","name":"Camara de Comercio, Industria y Servicios de San Lorenzo y su Zona","description":"Protagonistas del Desarrollo Productivo de Nuestra Regi\u00f3n","url":"https:\/\/www.camara-sl.org.ar\/website\/","telephone":"+543476424970","logo":{"@type":"ImageObject","url":"https:\/\/www.camara-sl.org.ar\/website\/wp-content\/uploads\/2019\/05\/logo-logocamara-2019.png","@id":"https:\/\/www.camara-sl.org.ar\/website\/2026\/09\/un-teatro-lleno-para-dar-inicio-al-mes-de-la-industria-2026\/#organizationLogo","width":353,"height":134},"image":{"@id":"https:\/\/www.camara-sl.org.ar\/website\/2026\/09\/un-teatro-lleno-para-dar-inicio-al-mes-de-la-industria-2026\/#organizationLogo"}},{"@type":"Person","@id":"https:\/\/www.camara-sl.org.ar\/website\/author\/santi\/#author","url":"https:\/\/www.camara-sl.org.ar\/website\/author\/santi\/","name":"Santi","image":{"@type":"ImageObject","@id":"https:\/\/www.camara-sl.org.ar\/website\/2026\/09\/un-teatro-lleno-para-dar-inicio-al-mes-de-la-industria-2026\/#authorImage","url":"https:\/\/secure.gravatar.com\/avatar\/cd13301c778f3d90d121a94ba31e540426aa00d1c37e011fb2c9d969b7cdf5cc?s=96&d=mm&r=g","width":96,"height":96,"caption":"Santi"}},{"@type":"WebPage","@id":"https:\/\/www.camara-sl.org.ar\/website\/2026\/09\/un-teatro-lleno-para-dar-inicio-al-mes-de-la-industria-2026\/#webpage","url":"https:\/\/www.camara-sl.org.ar\/website\/2026\/09\/un-teatro-lleno-para-dar-inicio-al-mes-de-la-industria-2026\/","name":"Un teatro lleno para dar inicio al Mes de la Industria 2026 | C\u00e1mara de Comercio Industria y Servicios de San Lorenzo y su Zona","description":"El pasado jueves 3 de septiembre dimos inicio al Mes de la Industria 2026 con un Teatro Aldo Braga colmado y una propuesta que marc\u00f3 el nivel de todo lo que estamos construyendo para este septiembre. Desde la C\u00e1mara de Comercio, Industria y Servicios de San Lorenzo y su zona, junto a Fundaci\u00f3n Aportar, recibimos","inLanguage":"es-ES","isPartOf":{"@id":"https:\/\/www.camara-sl.org.ar\/website\/#website"},"breadcrumb":{"@id":"https:\/\/www.camara-sl.org.ar\/website\/2026\/09\/un-teatro-lleno-para-dar-inicio-al-mes-de-la-industria-2026\/#breadcrumblist"},"author":{"@id":"https:\/\/www.camara-sl.org.ar\/website\/author\/santi\/#author"},"creator":{"@id":"https:\/\/www.camara-sl.org.ar\/website\/author\/santi\/#author"},"image":{"@type":"ImageObject","url":"https:\/\/www.camara-sl.org.ar\/website\/wp-content\/uploads\/2026\/09\/20260903_231747609_iOS-scaled.png","@id":"https:\/\/www.camara-sl.org.ar\/website\/2026\/09\/un-teatro-lleno-para-dar-inicio-al-mes-de-la-industria-2026\/#mainImage","width":2560,"height":1920},"primaryImageOfPage":{"@id":"https:\/\/www.camara-sl.org.ar\/website\/2026\/09\/un-teatro-lleno-para-dar-inicio-al-mes-de-la-industria-2026\/#mainImage"},"datePublished":"2026-09-04T15:25:36-03:00","dateModified":"2026-09-04T15:42:18-03:00"},{"@type":"WebSite","@id":"https:\/\/www.camara-sl.org.ar\/website\/#website","url":"https:\/\/www.camara-sl.org.ar\/website\/","name":"Camara de Comercio Industria y Servicios de San Lorenzo y su Zona","description":"Protagonistas del Desarrollo Productivo de Nuestra Regi\u00f3n","inLanguage":"es-ES","publisher":{"@id":"https:\/\/www.camara-sl.org.ar\/website\/#organization"}}]},"og:locale":"es_ES","og:site_name":"C\u00e1mara de Comercio Industria y Servicios de San Lorenzo y su Zona | Protagonistas del Desarrollo Productivo de Nuestra Regi\u00f3n","og:type":"article","og:title":"Un teatro lleno para dar inicio al Mes de la Industria 2026 | C\u00e1mara de Comercio Industria y Servicios de San Lorenzo y su Zona","og:description":"El pasado jueves 3 de septiembre dimos inicio al Mes de la Industria 2026 con un Teatro Aldo Braga colmado y una propuesta que marc\u00f3 el nivel de todo lo que estamos construyendo para este septiembre. Desde la C\u00e1mara de Comercio, Industria y Servicios de San Lorenzo y su zona, junto a Fundaci\u00f3n Aportar, recibimos","og:url":"https:\/\/www.camara-sl.org.ar\/website\/2026\/09\/un-teatro-lleno-para-dar-inicio-al-mes-de-la-industria-2026\/","og:image":"https:\/\/www.camara-sl.org.ar\/website\/wp-content\/uploads\/2026\/03\/logo-CSL.svg","og:image:secure_url":"https:\/\/www.camara-sl.org.ar\/website\/wp-content\/uploads\/2026\/03\/logo-CSL.svg","article:published_time":"2026-09-04T18:25:36+00:00","article:modified_time":"2026-09-04T18:42:18+00:00","twitter:card":"summary","twitter:title":"Un teatro lleno para dar inicio al Mes de la Industria 2026 | C\u00e1mara de Comercio Industria y Servicios de San Lorenzo y su Zona","twitter:description":"El pasado jueves 3 de septiembre dimos inicio al Mes de la Industria 2026 con un Teatro Aldo Braga colmado y una propuesta que marc\u00f3 el nivel de todo lo que estamos construyendo para este septiembre. Desde la C\u00e1mara de Comercio, Industria y Servicios de San Lorenzo y su zona, junto a Fundaci\u00f3n Aportar, recibimos","twitter:image":"https:\/\/www.camara-sl.org.ar\/website\/wp-content\/uploads\/2026\/03\/logo-CSL.svg"},"aioseo_meta_data":{"post_id":"9784","title":null,"description":null,"keywords":null,"keyphrases":{"focus":{"keyphrase":"","score":0,"analysis":{"keyphraseInTitle":{"score":0,"maxScore":9,"error":1}}},"additional":[]},"primary_term":null,"canonical_url":null,"og_title":null,"og_description":null,"og_object_type":"default","og_image_type":"default","og_image_url":null,"og_image_width":null,"og_image_height":null,"og_image_custom_url":null,"og_image_custom_fields":null,"og_video":"","og_custom_url":null,"og_article_section":null,"og_article_tags":null,"twitter_use_og":false,"twitter_card":"default","twitter_image_type":"default","twitter_image_url":null,"twitter_image_custom_url":null,"twitter_image_custom_fields":null,"twitter_title":null,"twitter_description":null,"schema":{"blockGraphs":[],"customGraphs":[],"default":{"data":{"Article":[],"Course":[],"Dataset":[],"FAQPage":[],"Movie":[],"Person":[],"Product":[],"ProductReview":[],"Car":[],"Recipe":[],"Service":[],"SoftwareApplication":[],"WebPage":[]},"graphName":"Article","isEnabled":true},"graphs":[]},"schema_type":"default","schema_type_options":null,"pillar_content":false,"robots_default":true,"robots_noindex":false,"robots_noarchive":false,"robots_nosnippet":false,"robots_nofollow":false,"robots_noimageindex":false,"robots_noodp":false,"robots_notranslate":false,"robots_max_snippet":"-1","robots_max_videopreview":"-1","robots_max_imagepreview":"large","priority":null,"frequency":"default","location":null,"local_seo":null,"breadcrumb_settings":null,"limit_modified_date":false,"ai":{"faqs":[],"keyPoints":[],"schemas":[],"titles":[],"descriptions":[],"socialPosts":{"email":{"subject":"","preview":"","content":""},"linkedin":[],"twitter":[],"facebook":[],"instagram":[]}},"created":"2026-09-04 18:17:37","updated":"2026-09-04 18:43:18","seo_analyzer_scan_date":null,"focus_keyword":null,"additional_keywords":null,"truseo_locale":null},"_links":{"self":[{"href":"https:\/\/www.camara-sl.org.ar\/website\/wp-json\/wp\/v2\/posts\/9784","targetHints":{"allow":["GET"]}}],"collection":[{"href":"https:\/\/www.camara-sl.org.ar\/website\/wp-json\/wp\/v2\/posts"}],"about":[{"href":"https:\/\/www.camara-sl.org.ar\/website\/wp-json\/wp\/v2\/types\/post"}],"author":[{"embeddable":true,"href":"https:\/\/www.camara-sl.org.ar\/website\/wp-json\/wp\/v2\/users\/14"}],"replies":[{"embeddable":true,"href":"https:\/\/www.camara-sl.org.ar\/website\/wp-json\/wp\/v2\/comments?post=9784"}],"version-history":[{"count":4,"href":"https:\/\/www.camara-sl.org.ar\/website\/wp-json\/wp\/v2\/posts\/9784\/revisions"}],"predecessor-version":[{"id":9797,"href":"https:\/\/www.camara-sl.org.ar\/website\/wp-json\/wp\/v2\/posts\/9784\/revisions\/9797"}],"wp:featuredmedia":[{"embeddable":true,"href":"https:\/\/www.camara-sl.org.ar\/website\/wp-json\/wp\/v2\/media\/9792"}],"wp:attachment":[{"href":"https:\/\/www.camara-sl.org.ar\/website\/wp-json\/wp\/v2\/media?parent=9784"}],"wp:term":[{"taxonomy":"category","embeddable":true,"href":"https:\/\/www.camara-sl.org.ar\/website\/wp-json\/wp\/v2\/categories?post=9784"},{"taxonomy":"post_tag","embeddable":true,"href":"https:\/\/www.camara-sl.org.ar\/website\/wp-json\/wp\/v2\/tags?post=9784"}],"curies":[{"name":"wp","href":"https:\/\/api.w.org\/{rel}","templated":true}]}}